{"id":1189,"date":"2022-10-03T15:47:53","date_gmt":"2022-10-03T14:47:53","guid":{"rendered":"https:\/\/regenagri.org\/?p=1189"},"modified":"2022-10-05T13:51:09","modified_gmt":"2022-10-05T12:51:09","slug":"a-greenpods-segitsegevel-a-francia-farm-netto-kibocsatobol-szen-dioxid-nyelove-valik","status":"publish","type":"post","link":"https:\/\/regenagri.org\/hu\/updates\/greenpods-help-turn-french-farm-from-net-emitter-to-carbon-sink\/","title":{"rendered":"A GreenPods seg\u00edts\u00e9g\u00e9vel a francia farm nett\u00f3 kibocs\u00e1t\u00f3b\u00f3l sz\u00e9n-dioxid-nyel\u0151v\u00e9 v\u00e1lik"},"content":{"rendered":"<p>A GreenPods egy teljesen integr\u00e1lt, regenerat\u00edv mez\u0151gazdas\u00e1got fejleszt\u0151 farmfejleszt\u0151 c\u00e9g, amelynek sz\u00e9khelye Franciaorsz\u00e1gban tal\u00e1lhat\u00f3, \u00e9s c\u00e9lja, hogy az EU-ban tov\u00e1bb terjeszkedjen. \"C\u00e9lorient\u00e1lt v\u00e1llalat\", amely elk\u00f6telezett a k\u00e9zzelfoghat\u00f3 k\u00f6rnyezeti \u00e9s t\u00e1rsadalmi hat\u00e1sok el\u00e9r\u00e9se mellett.<\/p>\n\n\n\n<p>Az els\u0151, augusztusban regenagri min\u0151s\u00edt\u00e9st kapott toulouse-i La Granja gazdas\u00e1guk Franciaorsz\u00e1g legnagyobb bio mandula\u00fcltetv\u00e9nye, amely a francia korm\u00e1ny \u00e1ltal t\u00e1mogatott nemzeti \u00fcvegh\u00e1zhat\u00e1s\u00fag\u00e1z-tan\u00fas\u00edt\u00e1si keretrendszerrel, a Bas Carbone c\u00edmk\u00e9vel rendelkezik, \u00e9s a k\u00f6vetkez\u0151 20 \u00e9vben v\u00e1rhat\u00f3an 4575 tonna CO2-t fog megk\u00f6tni. Ez az els\u0151, 178 hekt\u00e1ros gazdas\u00e1g esettanulm\u00e1nyt k\u00e9sz\u00edtett arr\u00f3l, hogy a regenerat\u00edv mez\u0151gazdas\u00e1gra val\u00f3 \u00e1tt\u00e9r\u00e9s hogyan eredm\u00e9nyezhet \u00e9rtelmesebb \u00e9s a kontextusnak megfelel\u0151bb mez\u0151gazdas\u00e1gi rendszert.<\/p>\n\n\n\n<p>Miel\u0151tt a GreenPods \u00e1tvette a gazdas\u00e1got, 30 \u00e9ven \u00e1t ipari m\u00f3dszerekkel termelt kukoric\u00e1t. Ezt a kukoric\u00e1t a spanyol sert\u00e9sh\u00fasipar sz\u00e1m\u00e1ra takarm\u00e1nyk\u00e9nt export\u00e1lt\u00e1k, ami olyan agr\u00e1rgazdas\u00e1gi felhaszn\u00e1l\u00e1s, amely nem felel meg megfelel\u0151en a mai k\u00f6rnyezetv\u00e9delmi \u00e9s \u00e9lelmiszer-ell\u00e1t\u00e1si kih\u00edv\u00e1soknak. A GreenPods 25 \u00e9ves biob\u00e9rleti szerz\u0151d\u00e9ssel biztos\u00edtotta a gazdas\u00e1got. A regenerat\u00edv m\u00f3dszerek alkalmaz\u00e1s\u00e1val a gazdas\u00e1got nett\u00f3 sz\u00e9n-dioxid-kibocs\u00e1t\u00f3b\u00f3l sz\u00e9n-dioxid-nyel\u0151v\u00e9 alak\u00edtott\u00e1k \u00e1t.<\/p>\n\n\n\n<p>A La Granja 2021-ben kezdte meg regenerat\u00edv \u00fatj\u00e1t azzal, hogy felhagyott a hagyom\u00e1nyos monokult\u00far\u00e1val, \u00e9s v\u00e1ltozatos \u00e9s \u00f6sszetett vet\u00e9sforg\u00f3t vezetett be, amely sz\u00f3j\u00e1t, hajdin\u00e1t, napraforg\u00f3t, t\u00f6nk\u00f6lyt, t\u00e9li zabot \u00e9s t\u00e9li b\u00faz\u00e1t tartalmaz. Sz\u00e1nt\u00f3f\u00f6ldi n\u00f6v\u00e9nyeiket gondosan kezelik nagy \u00f6nt\u00f6z\u00e9si hat\u00e9konys\u00e1g\u00fa eszk\u00f6z\u00f6kkel, \u00e9s alga- \u00e9s \u00e1llatteny\u00e9szt\u00e9si mell\u00e9kterm\u00e9kekb\u0151l sz\u00e1rmaz\u00f3, term\u00e9szetalap\u00fa m\u0171tr\u00e1gy\u00e1val t\u00e1pl\u00e1lj\u00e1k.<\/p>\n\n\n<div class=\"wp-block-image\">\n<figure class=\"aligncenter size-large is-resized\"><img decoding=\"async\" data-src=\"https:\/\/regenagri.org\/wp-content\/uploads\/2022\/10\/greenpods-team-planting-almonds-900x1200.jpg\" alt=\"\" class=\"wp-image-1191 lazyload\" width=\"399\" height=\"532\" data-srcset=\"https:\/\/regenagri.org\/wp-content\/uploads\/2022\/10\/greenpods-team-planting-almonds-900x1200.jpg 900w, https:\/\/regenagri.org\/wp-content\/uploads\/2022\/10\/greenpods-team-planting-almonds-525x700.jpg 525w, https:\/\/regenagri.org\/wp-content\/uploads\/2022\/10\/greenpods-team-planting-almonds-768x1024.jpg 768w, https:\/\/regenagri.org\/wp-content\/uploads\/2022\/10\/greenpods-team-planting-almonds-1152x1536.jpg 1152w, https:\/\/regenagri.org\/wp-content\/uploads\/2022\/10\/greenpods-team-planting-almonds.jpg 1440w\" data-sizes=\"(max-width: 399px) 100vw, 399px\" src=\"data:image\/svg+xml;base64,PHN2ZyB3aWR0aD0iMSIgaGVpZ2h0PSIxIiB4bWxucz0iaHR0cDovL3d3dy53My5vcmcvMjAwMC9zdmciPjwvc3ZnPg==\" style=\"--smush-placeholder-width: 399px; --smush-placeholder-aspect-ratio: 399\/532;\" \/><figcaption>A Greenpods csapat mandul\u00e1t \u00fcltet<\/figcaption><\/figure>\n<\/div>\n\n\n<p>2022 febru\u00e1rj\u00e1ban a GreenPods tov\u00e1bb diverzifik\u00e1lta m\u0171k\u00f6d\u00e9s\u00e9t 17 000 mandulafa \u00fcltet\u00e9s\u00e9vel, \u00e9s tov\u00e1bbi 10 000-et terveznek a k\u00f6vetkez\u0151 t\u00e9lre; ezek az \u00e9vel\u0151 di\u00f3f\u00e9l\u00e9k most a sorok k\u00f6z\u00f6tt teljes takar\u00f3n\u00f6v\u00e9nyekkel n\u0151nek, hogy a talaj eg\u00e9szs\u00e9ge gyorsabban helyre\u00e1lljon. A gazdas\u00e1g szintj\u00e9n a t\u00e1j helyre\u00e1ll\u00edt\u00e1s\u00e1nak r\u00e9szek\u00e9nt s\u00f6v\u00e9nyh\u00e1l\u00f3zatot is telep\u00edtettek, amely biztos\u00edtja az \u00f6kol\u00f3giai \u00f6sszek\u00f6ttet\u00e9st mind a peremeken, mind a gazdas\u00e1g eg\u00e9sz ter\u00fclet\u00e9n.<\/p>\n\n\n\n<p>C\u00e9ljuk a j\u00f6v\u0151re n\u00e9zve, hogy tov\u00e1bbra is a di\u00f3f\u00e9l\u00e9kre specializ\u00e1l\u00f3djanak, kiszolg\u00e1lva a n\u00f6v\u00e9nyi alap\u00fa term\u00e9kek ir\u00e1nti n\u00f6vekv\u0151 keresletet, amelyek teljes m\u00e9rt\u00e9kben nyomon k\u00f6vethet\u0151k a gazdas\u00e1gig. Ezzel a fogyaszt\u00f3k azon ig\u00e9ny\u00e9re reag\u00e1lnak, hogy egyre ink\u00e1bb a n\u00f6v\u00e9nyi alap\u00fa, helyi forr\u00e1sb\u00f3l sz\u00e1rmaz\u00f3 \u00e9trend fel\u00e9 mozduljanak el. Ez egyben annak a k\u00f6vetelm\u00e9nynek is megfelel, hogy az iparos\u00edtott mez\u0151gazdas\u00e1gi m\u00f3dszerek r\u00e9v\u00e9n ne kimer\u00edts\u00fck a talajt \u00e9s m\u00e1s term\u00e9szeti er\u0151forr\u00e1sokat, hanem kezdj\u00fck el akt\u00edvan regener\u00e1lni azokat. &nbsp;<\/p>\n\n\n\n<p>Filippo Guerrini, a regenagri munkat\u00e1rsa megjegyzi:<\/p>\n\n\n\n<blockquote class=\"wp-block-quote is-layout-flow wp-block-quote-is-layout-flow\"><p>\"A GreenPods \u00e1ltal v\u00e9gzett munka fantasztikus p\u00e9ld\u00e1ja a regenerat\u00edv mez\u0151gazdas\u00e1g \u00e9rtelmes kiterjeszt\u00e9s\u00e9nek. Mik\u00f6zben egyre t\u00f6bb figyelem \u00e9s finansz\u00edroz\u00e1s \u00e1ramlik az ipar\u00e1gba, a GreenPodshoz hasonl\u00f3 projektfejleszt\u0151kre van sz\u00fcks\u00e9g\u00fcnk, akik a szavakat tettekre v\u00e1ltj\u00e1k, hogy a term\u00e9szeti er\u0151forr\u00e1sok nagyszab\u00e1s\u00fa regener\u00e1l\u00f3d\u00e1s\u00e1t \u00e9s a j\u00f6v\u0151beli \u00e9lelmez\u00e9sbiztons\u00e1got biztos\u00edts\u00e1k. Nagyon v\u00e1rom, hogy figyelemmel k\u00eds\u00e9rhessem j\u00f6v\u0151beli terjeszked\u00e9s\u00fcket az EU-ban.\"<\/p><\/blockquote>\n\n\n\n<p>Borisz Szpasszkij a GreenPods-t\u00f3l:<\/p>\n\n\n\n<blockquote class=\"wp-block-quote is-layout-flow wp-block-quote-is-layout-flow\"><p>\"A regenerat\u00edv mez\u0151gazdas\u00e1g egyre nagyobb teret nyer, \u00e9s meggy\u0151z\u0151d\u00e9s\u00fcnk, hogy a fogyaszt\u00f3k ig\u00e9nyt tartanak majd arra, hogy ellen\u0151rizni tudj\u00e1k a gazd\u00e1k \u00e1ltal a gyakorlatukkal kapcsolatban tett \u00e1ll\u00edt\u00e1sokat. Ez nem lehet csak egy \u00faj divatsz\u00f3. Ez azt jelenti, hogy szil\u00e1rd tan\u00fas\u00edt\u00e1si szabv\u00e1nyokkal \u00e9s rendszeres ellen\u0151rz\u00e9sekkel kell rendelkezn\u00fcnk a gazdas\u00e1gokban.\" A regenagri m\u00f6g\u00f6tt a Control Union \u00e1ll, a tan\u00fas\u00edt\u00e1s egyik vezet\u0151 szerepl\u0151je, amelynek gy\u00f6kerei a mez\u0151gazdas\u00e1gban gy\u00f6kereznek. Ez komoly hiteless\u00e9get ad a programnak.\"<\/p><\/blockquote>\n\n\n\n<p>A Greenpodsr\u00f3l t\u00f6bbet tudhat meg <a href=\"https:\/\/www.linkedin.com\/company\/greenpods\/?originalSubdomain=fr\">itt<\/a>:<\/p>\n\n\n\n<p>Ha szeretn\u00e9 megtudni, hogy a regenagri hogyan t\u00e1mogathatja \u00d6nt a regener\u00e1ci\u00f3s \u00fatj\u00e1n <a href=\"https:\/\/regenagri.org\/hu\/kapcsolatfelvetel\/\">kapcsolatfelv\u00e9tel a csapattal<\/a><\/p>","protected":false},"excerpt":{"rendered":"<p>GreenPods is a fully integrated regenerative agriculture farm developer, based in France and aiming [\u2026]<\/p>\n","protected":false},"author":3,"featured_media":1190,"comment_status":"closed","ping_status":"closed","sticky":false,"template":"","format":"standard","meta":{"_acf_changed":false,"footnotes":""},"categories":[1],"tags":[],"class_list":["post-1189","post","type-post","status-publish","format-standard","has-post-thumbnail","hentry","category-update"],"acf":[],"yoast_head":"<!-- This site is optimized with the Yoast SEO plugin v27.4 - https:\/\/yoast.com\/product\/yoast-seo-wordpress\/ -->\n<title>GreenPods help turn French farm from net-emitter to carbon sink &#8212; regenagri<\/title>\n<meta name=\"robots\" content=\"index, follow, max-snippet:-1, max-image-preview:large, max-video-preview:-1\" \/>\n<link rel=\"canonical\" href=\"https:\/\/regenagri.org\/hu\/frissitesek\/a-greenpods-segitsegevel-a-francia-farm-netto-kibocsatobol-szen-dioxid-nyelove-valik\/\" \/>\n<meta property=\"og:locale\" content=\"hu_HU\" \/>\n<meta property=\"og:type\" content=\"article\" \/>\n<meta property=\"og:title\" content=\"GreenPods help turn French farm from net-emitter to carbon sink &#8212; regenagri\" \/>\n<meta property=\"og:description\" content=\"GreenPods is a fully integrated regenerative agriculture farm developer, based in France and aiming [\u2026]\" \/>\n<meta property=\"og:url\" content=\"https:\/\/regenagri.org\/hu\/frissitesek\/a-greenpods-segitsegevel-a-francia-farm-netto-kibocsatobol-szen-dioxid-nyelove-valik\/\" \/>\n<meta property=\"og:site_name\" content=\"regenagri\" \/>\n<meta property=\"article:published_time\" content=\"2022-10-03T14:47:53+00:00\" \/>\n<meta property=\"article:modified_time\" content=\"2022-10-05T12:51:09+00:00\" \/>\n<meta property=\"og:image\" content=\"https:\/\/regenagri.org\/wp-content\/uploads\/2022\/10\/greenpods-almond.jpeg\" \/>\n\t<meta property=\"og:image:width\" content=\"1200\" \/>\n\t<meta property=\"og:image:height\" content=\"1600\" \/>\n\t<meta property=\"og:image:type\" content=\"image\/jpeg\" \/>\n<meta name=\"author\" content=\"Rose Riley\" \/>\n<meta name=\"twitter:card\" content=\"summary_large_image\" \/>\n<script type=\"application\/ld+json\" class=\"yoast-schema-graph\">{\"@context\":\"https:\\\/\\\/schema.org\",\"@graph\":[{\"@type\":\"Article\",\"@id\":\"https:\\\/\\\/regenagri.org\\\/updates\\\/greenpods-help-turn-french-farm-from-net-emitter-to-carbon-sink\\\/#article\",\"isPartOf\":{\"@id\":\"https:\\\/\\\/regenagri.org\\\/updates\\\/greenpods-help-turn-french-farm-from-net-emitter-to-carbon-sink\\\/\"},\"author\":{\"name\":\"Rose Riley\",\"@id\":\"https:\\\/\\\/regenagri.org\\\/#\\\/schema\\\/person\\\/1bf1fb072ab376027c868ab4fad7cfa2\"},\"headline\":\"GreenPods help turn French farm from net-emitter to carbon sink\",\"datePublished\":\"2022-10-03T14:47:53+00:00\",\"dateModified\":\"2022-10-05T12:51:09+00:00\",\"mainEntityOfPage\":{\"@id\":\"https:\\\/\\\/regenagri.org\\\/updates\\\/greenpods-help-turn-french-farm-from-net-emitter-to-carbon-sink\\\/\"},\"wordCount\":551,\"publisher\":{\"@id\":\"https:\\\/\\\/regenagri.org\\\/#organization\"},\"image\":{\"@id\":\"https:\\\/\\\/regenagri.org\\\/updates\\\/greenpods-help-turn-french-farm-from-net-emitter-to-carbon-sink\\\/#primaryimage\"},\"thumbnailUrl\":\"https:\\\/\\\/regenagri.org\\\/wp-content\\\/uploads\\\/2022\\\/10\\\/greenpods-almond.jpeg\",\"articleSection\":[\"Update\"],\"inLanguage\":\"hu\"},{\"@type\":\"WebPage\",\"@id\":\"https:\\\/\\\/regenagri.org\\\/updates\\\/greenpods-help-turn-french-farm-from-net-emitter-to-carbon-sink\\\/\",\"url\":\"https:\\\/\\\/regenagri.org\\\/updates\\\/greenpods-help-turn-french-farm-from-net-emitter-to-carbon-sink\\\/\",\"name\":\"GreenPods help turn French farm from net-emitter to carbon sink &#8212; regenagri\",\"isPartOf\":{\"@id\":\"https:\\\/\\\/regenagri.org\\\/#website\"},\"primaryImageOfPage\":{\"@id\":\"https:\\\/\\\/regenagri.org\\\/updates\\\/greenpods-help-turn-french-farm-from-net-emitter-to-carbon-sink\\\/#primaryimage\"},\"image\":{\"@id\":\"https:\\\/\\\/regenagri.org\\\/updates\\\/greenpods-help-turn-french-farm-from-net-emitter-to-carbon-sink\\\/#primaryimage\"},\"thumbnailUrl\":\"https:\\\/\\\/regenagri.org\\\/wp-content\\\/uploads\\\/2022\\\/10\\\/greenpods-almond.jpeg\",\"datePublished\":\"2022-10-03T14:47:53+00:00\",\"dateModified\":\"2022-10-05T12:51:09+00:00\",\"breadcrumb\":{\"@id\":\"https:\\\/\\\/regenagri.org\\\/updates\\\/greenpods-help-turn-french-farm-from-net-emitter-to-carbon-sink\\\/#breadcrumb\"},\"inLanguage\":\"hu\",\"potentialAction\":[{\"@type\":\"ReadAction\",\"target\":[\"https:\\\/\\\/regenagri.org\\\/updates\\\/greenpods-help-turn-french-farm-from-net-emitter-to-carbon-sink\\\/\"]}]},{\"@type\":\"ImageObject\",\"inLanguage\":\"hu\",\"@id\":\"https:\\\/\\\/regenagri.org\\\/updates\\\/greenpods-help-turn-french-farm-from-net-emitter-to-carbon-sink\\\/#primaryimage\",\"url\":\"https:\\\/\\\/regenagri.org\\\/wp-content\\\/uploads\\\/2022\\\/10\\\/greenpods-almond.jpeg\",\"contentUrl\":\"https:\\\/\\\/regenagri.org\\\/wp-content\\\/uploads\\\/2022\\\/10\\\/greenpods-almond.jpeg\",\"width\":1200,\"height\":1600},{\"@type\":\"BreadcrumbList\",\"@id\":\"https:\\\/\\\/regenagri.org\\\/updates\\\/greenpods-help-turn-french-farm-from-net-emitter-to-carbon-sink\\\/#breadcrumb\",\"itemListElement\":[{\"@type\":\"ListItem\",\"position\":1,\"name\":\"Home\",\"item\":\"https:\\\/\\\/regenagri.org\\\/\"},{\"@type\":\"ListItem\",\"position\":2,\"name\":\"GreenPods help turn French farm from net-emitter to carbon sink\"}]},{\"@type\":\"WebSite\",\"@id\":\"https:\\\/\\\/regenagri.org\\\/#website\",\"url\":\"https:\\\/\\\/regenagri.org\\\/\",\"name\":\"regenagri\",\"description\":\"\",\"publisher\":{\"@id\":\"https:\\\/\\\/regenagri.org\\\/#organization\"},\"potentialAction\":[{\"@type\":\"SearchAction\",\"target\":{\"@type\":\"EntryPoint\",\"urlTemplate\":\"https:\\\/\\\/regenagri.org\\\/?s={search_term_string}\"},\"query-input\":{\"@type\":\"PropertyValueSpecification\",\"valueRequired\":true,\"valueName\":\"search_term_string\"}}],\"inLanguage\":\"hu\"},{\"@type\":\"Organization\",\"@id\":\"https:\\\/\\\/regenagri.org\\\/#organization\",\"name\":\"regenagri\",\"url\":\"https:\\\/\\\/regenagri.org\\\/\",\"logo\":{\"@type\":\"ImageObject\",\"inLanguage\":\"hu\",\"@id\":\"https:\\\/\\\/regenagri.org\\\/#\\\/schema\\\/logo\\\/image\\\/\",\"url\":\"https:\\\/\\\/regenagri.org\\\/wp-content\\\/uploads\\\/2021\\\/05\\\/regenagri.png\",\"contentUrl\":\"https:\\\/\\\/regenagri.org\\\/wp-content\\\/uploads\\\/2021\\\/05\\\/regenagri.png\",\"width\":1200,\"height\":452,\"caption\":\"regenagri\"},\"image\":{\"@id\":\"https:\\\/\\\/regenagri.org\\\/#\\\/schema\\\/logo\\\/image\\\/\"}},{\"@type\":\"Person\",\"@id\":\"https:\\\/\\\/regenagri.org\\\/#\\\/schema\\\/person\\\/1bf1fb072ab376027c868ab4fad7cfa2\",\"name\":\"Rose Riley\",\"image\":{\"@type\":\"ImageObject\",\"inLanguage\":\"hu\",\"@id\":\"https:\\\/\\\/secure.gravatar.com\\\/avatar\\\/444912920b7c9c11fe94787af17d9064a6ced7104f0c50d6eb8c4bcb40c89615?s=96&d=mm&r=g\",\"url\":\"https:\\\/\\\/secure.gravatar.com\\\/avatar\\\/444912920b7c9c11fe94787af17d9064a6ced7104f0c50d6eb8c4bcb40c89615?s=96&d=mm&r=g\",\"contentUrl\":\"https:\\\/\\\/secure.gravatar.com\\\/avatar\\\/444912920b7c9c11fe94787af17d9064a6ced7104f0c50d6eb8c4bcb40c89615?s=96&d=mm&r=g\",\"caption\":\"Rose Riley\"}}]}<\/script>\n<!-- \/ Yoast SEO plugin. -->","yoast_head_json":{"title":"A GreenPods seg\u00edts\u00e9g\u00e9vel a francia farmot nett\u00f3 kibocs\u00e1t\u00f3b\u00f3l sz\u00e9n-dioxid-nyel\u0151v\u00e9 alak\u00edtj\u00e1k - regenagri","robots":{"index":"index","follow":"follow","max-snippet":"max-snippet:-1","max-image-preview":"max-image-preview:large","max-video-preview":"max-video-preview:-1"},"canonical":"https:\/\/regenagri.org\/hu\/frissitesek\/a-greenpods-segitsegevel-a-francia-farm-netto-kibocsatobol-szen-dioxid-nyelove-valik\/","og_locale":"hu_HU","og_type":"article","og_title":"GreenPods help turn French farm from net-emitter to carbon sink &#8212; regenagri","og_description":"GreenPods is a fully integrated regenerative agriculture farm developer, based in France and aiming [\u2026]","og_url":"https:\/\/regenagri.org\/hu\/frissitesek\/a-greenpods-segitsegevel-a-francia-farm-netto-kibocsatobol-szen-dioxid-nyelove-valik\/","og_site_name":"regenagri","article_published_time":"2022-10-03T14:47:53+00:00","article_modified_time":"2022-10-05T12:51:09+00:00","og_image":[{"width":1200,"height":1600,"url":"https:\/\/regenagri.org\/wp-content\/uploads\/2022\/10\/greenpods-almond.jpeg","type":"image\/jpeg"}],"author":"Rose Riley","twitter_card":"summary_large_image","schema":{"@context":"https:\/\/schema.org","@graph":[{"@type":"Article","@id":"https:\/\/regenagri.org\/updates\/greenpods-help-turn-french-farm-from-net-emitter-to-carbon-sink\/#article","isPartOf":{"@id":"https:\/\/regenagri.org\/updates\/greenpods-help-turn-french-farm-from-net-emitter-to-carbon-sink\/"},"author":{"name":"Rose Riley","@id":"https:\/\/regenagri.org\/#\/schema\/person\/1bf1fb072ab376027c868ab4fad7cfa2"},"headline":"GreenPods help turn French farm from net-emitter to carbon sink","datePublished":"2022-10-03T14:47:53+00:00","dateModified":"2022-10-05T12:51:09+00:00","mainEntityOfPage":{"@id":"https:\/\/regenagri.org\/updates\/greenpods-help-turn-french-farm-from-net-emitter-to-carbon-sink\/"},"wordCount":551,"publisher":{"@id":"https:\/\/regenagri.org\/#organization"},"image":{"@id":"https:\/\/regenagri.org\/updates\/greenpods-help-turn-french-farm-from-net-emitter-to-carbon-sink\/#primaryimage"},"thumbnailUrl":"https:\/\/regenagri.org\/wp-content\/uploads\/2022\/10\/greenpods-almond.jpeg","articleSection":["Update"],"inLanguage":"hu"},{"@type":"WebPage","@id":"https:\/\/regenagri.org\/updates\/greenpods-help-turn-french-farm-from-net-emitter-to-carbon-sink\/","url":"https:\/\/regenagri.org\/updates\/greenpods-help-turn-french-farm-from-net-emitter-to-carbon-sink\/","name":"A GreenPods seg\u00edts\u00e9g\u00e9vel a francia farmot nett\u00f3 kibocs\u00e1t\u00f3b\u00f3l sz\u00e9n-dioxid-nyel\u0151v\u00e9 alak\u00edtj\u00e1k - regenagri","isPartOf":{"@id":"https:\/\/regenagri.org\/#website"},"primaryImageOfPage":{"@id":"https:\/\/regenagri.org\/updates\/greenpods-help-turn-french-farm-from-net-emitter-to-carbon-sink\/#primaryimage"},"image":{"@id":"https:\/\/regenagri.org\/updates\/greenpods-help-turn-french-farm-from-net-emitter-to-carbon-sink\/#primaryimage"},"thumbnailUrl":"https:\/\/regenagri.org\/wp-content\/uploads\/2022\/10\/greenpods-almond.jpeg","datePublished":"2022-10-03T14:47:53+00:00","dateModified":"2022-10-05T12:51:09+00:00","breadcrumb":{"@id":"https:\/\/regenagri.org\/updates\/greenpods-help-turn-french-farm-from-net-emitter-to-carbon-sink\/#breadcrumb"},"inLanguage":"hu","potentialAction":[{"@type":"ReadAction","target":["https:\/\/regenagri.org\/updates\/greenpods-help-turn-french-farm-from-net-emitter-to-carbon-sink\/"]}]},{"@type":"ImageObject","inLanguage":"hu","@id":"https:\/\/regenagri.org\/updates\/greenpods-help-turn-french-farm-from-net-emitter-to-carbon-sink\/#primaryimage","url":"https:\/\/regenagri.org\/wp-content\/uploads\/2022\/10\/greenpods-almond.jpeg","contentUrl":"https:\/\/regenagri.org\/wp-content\/uploads\/2022\/10\/greenpods-almond.jpeg","width":1200,"height":1600},{"@type":"BreadcrumbList","@id":"https:\/\/regenagri.org\/updates\/greenpods-help-turn-french-farm-from-net-emitter-to-carbon-sink\/#breadcrumb","itemListElement":[{"@type":"ListItem","position":1,"name":"Home","item":"https:\/\/regenagri.org\/"},{"@type":"ListItem","position":2,"name":"GreenPods help turn French farm from net-emitter to carbon sink"}]},{"@type":"WebSite","@id":"https:\/\/regenagri.org\/#website","url":"https:\/\/regenagri.org\/","name":"regenagri","description":"","publisher":{"@id":"https:\/\/regenagri.org\/#organization"},"potentialAction":[{"@type":"SearchAction","target":{"@type":"EntryPoint","urlTemplate":"https:\/\/regenagri.org\/?s={search_term_string}"},"query-input":{"@type":"PropertyValueSpecification","valueRequired":true,"valueName":"search_term_string"}}],"inLanguage":"hu"},{"@type":"Organization","@id":"https:\/\/regenagri.org\/#organization","name":"regenagri","url":"https:\/\/regenagri.org\/","logo":{"@type":"ImageObject","inLanguage":"hu","@id":"https:\/\/regenagri.org\/#\/schema\/logo\/image\/","url":"https:\/\/regenagri.org\/wp-content\/uploads\/2021\/05\/regenagri.png","contentUrl":"https:\/\/regenagri.org\/wp-content\/uploads\/2021\/05\/regenagri.png","width":1200,"height":452,"caption":"regenagri"},"image":{"@id":"https:\/\/regenagri.org\/#\/schema\/logo\/image\/"}},{"@type":"Person","@id":"https:\/\/regenagri.org\/#\/schema\/person\/1bf1fb072ab376027c868ab4fad7cfa2","name":"Rose Riley","image":{"@type":"ImageObject","inLanguage":"hu","@id":"https:\/\/secure.gravatar.com\/avatar\/444912920b7c9c11fe94787af17d9064a6ced7104f0c50d6eb8c4bcb40c89615?s=96&d=mm&r=g","url":"https:\/\/secure.gravatar.com\/avatar\/444912920b7c9c11fe94787af17d9064a6ced7104f0c50d6eb8c4bcb40c89615?s=96&d=mm&r=g","contentUrl":"https:\/\/secure.gravatar.com\/avatar\/444912920b7c9c11fe94787af17d9064a6ced7104f0c50d6eb8c4bcb40c89615?s=96&d=mm&r=g","caption":"Rose Riley"}}]}},"_links":{"self":[{"href":"https:\/\/regenagri.org\/hu\/wp-json\/wp\/v2\/posts\/1189","targetHints":{"allow":["GET"]}}],"collection":[{"href":"https:\/\/regenagri.org\/hu\/wp-json\/wp\/v2\/posts"}],"about":[{"href":"https:\/\/regenagri.org\/hu\/wp-json\/wp\/v2\/types\/post"}],"author":[{"embeddable":true,"href":"https:\/\/regenagri.org\/hu\/wp-json\/wp\/v2\/users\/3"}],"replies":[{"embeddable":true,"href":"https:\/\/regenagri.org\/hu\/wp-json\/wp\/v2\/comments?post=1189"}],"version-history":[{"count":4,"href":"https:\/\/regenagri.org\/hu\/wp-json\/wp\/v2\/posts\/1189\/revisions"}],"predecessor-version":[{"id":1201,"href":"https:\/\/regenagri.org\/hu\/wp-json\/wp\/v2\/posts\/1189\/revisions\/1201"}],"wp:featuredmedia":[{"embeddable":true,"href":"https:\/\/regenagri.org\/hu\/wp-json\/wp\/v2\/media\/1190"}],"wp:attachment":[{"href":"https:\/\/regenagri.org\/hu\/wp-json\/wp\/v2\/media?parent=1189"}],"wp:term":[{"taxonomy":"category","embeddable":true,"href":"https:\/\/regenagri.org\/hu\/wp-json\/wp\/v2\/categories?post=1189"},{"taxonomy":"post_tag","embeddable":true,"href":"https:\/\/regenagri.org\/hu\/wp-json\/wp\/v2\/tags?post=1189"}],"curies":[{"name":"wp","href":"https:\/\/api.w.org\/{rel}","templated":true}]}}