{"id":5970,"date":"2024-06-24T11:28:59","date_gmt":"2024-06-24T10:28:59","guid":{"rendered":"https:\/\/regenagri.org\/?p=5970"},"modified":"2024-06-28T12:24:40","modified_gmt":"2024-06-28T11:24:40","slug":"le-rapport-met-en-evidence-la-croissance-exceptionnelle-de-lagriculture-regeneratrice","status":"publish","type":"post","link":"https:\/\/regenagri.org\/fr\/updates\/report-highlights-exceptional-growth-in-regenerative-agriculture\/","title":{"rendered":"Un rapport souligne la croissance exceptionnelle de l'agriculture r\u00e9g\u00e9n\u00e9ratrice"},"content":{"rendered":"<p class=\"intro\">Au cours d'une ann\u00e9e marqu\u00e9e par l'escalade des urgences climatiques et des appels mondiaux \u00e0 des solutions durables, Regenagri, leader mondial de l'agriculture r\u00e9g\u00e9n\u00e9ratrice, a annonc\u00e9 des performances impressionnantes dans son rapport d'impact, lanc\u00e9 aujourd'hui.<\/p>\n\n\n\n<p>Le rapport r\u00e9v\u00e8le l'importance de l'adoption et de l'impact de l'agriculture r\u00e9g\u00e9n\u00e9ratrice dans le monde.<br>Franco Costantini, PDG de Regenagri, commente les r\u00e9sultats impressionnants de l'entreprise en ces termes : \u201cAlors que les ph\u00e9nom\u00e8nes m\u00e9t\u00e9orologiques extr\u00eames sont de plus en plus fr\u00e9quents et que l'urgence de l'action climatique s'intensifie, le travail de Regenagri en faveur de l'agriculture r\u00e9g\u00e9n\u00e9ratrice est plus essentiel que jamais.\u201d<\/p>\n\n\n\n<p>Il fait r\u00e9f\u00e9rence au rapport 2023 du GIEC qui souligne la n\u00e9cessit\u00e9 d'adopter des pratiques de gestion durable des terres pour att\u00e9nuer les effets du changement climatique, ce qui rend les r\u00e9alisations de Regenagri opportunes et pertinentes dans le discours mondial sur le d\u00e9veloppement durable.<\/p>\n\n\n\n<p>\u201cL'ann\u00e9e 2023 a \u00e9t\u00e9 marqu\u00e9e par des progr\u00e8s remarquables pour Regenagri, puisque la superficie des terres certifi\u00e9es a tripl\u00e9, passant de 487 000 hectares en 2022 \u00e0 plus de 1,46 million d'hectares en 2023\u201c, d\u00e9clare M. Costantini.<\/p>\n\n\n\n<p>Il ajoute que le programme soutient d\u00e9sormais plus de 230 000 exploitations agricoles et 855 op\u00e9rateurs de la cha\u00eene d'approvisionnement dans le monde.<\/p>\n\n\n\n<p>\u201cLes normes de regenagri sont en passe de devenir la r\u00e9f\u00e9rence de l'industrie, en particulier dans les secteurs du textile et de l'alimentation\u201d, d\u00e9clare M. Costantini.<\/p>\n\n\n\n<p>\u201cNous avons poursuivi notre croissance dans le secteur textile avec des marques telles que J. Crew Group, GAP, PVH, et nous nous sommes \u00e9tendus aux cha\u00eenes d'approvisionnement alimentaire avec des marques telles qu'illycaff\u00e8.\u201d<\/p>\n\n\n\n<p>Il affirme que les avantages environnementaux et \u00e9conomiques du cadre de Regenagri sont impressionnants.<\/p>\n\n\n\n<p>\u201cLes exploitations agricoles certifi\u00e9es par Regenagri ont un impact positif remarquable. Des exemples repr\u00e9sentatifs sont la r\u00e9duction annuelle des gaz \u00e0 effet de serre de 4,44 tonnes d'\u00e9quivalent CO2 par hectare pour les exploitations de coton et de 5,34 pour les exploitations de caf\u00e9\u201d, d\u00e9clare M. Costantini.<\/p>\n\n\n\n<p>L'augmentation du pi\u00e9geage du carbone dans le sol (environ cinq millions de tonnes de carbone) et la r\u00e9duction de la consommation d'eau sont d'autres r\u00e9alisations importantes.<\/p>\n\n\n\n<p>\u201cLes exploitations certifi\u00e9es au Br\u00e9sil ont \u00e9galement fait des progr\u00e8s consid\u00e9rables en mati\u00e8re d'efficacit\u00e9 des ressources, r\u00e9duisant la consommation d'eau de 95 410 litres par hectare\u201d, ajoute-t-il.<\/p>\n\n\n\n<p>Pour l'avenir, M. Costantini indique que Regenagri vise \u00e0 doubler son impact en 2024 en \u00e9tendant son programme \u00e0 deux millions d'hectares de terres, soutenant ainsi 500 000 exploitations agricoles dans le monde.<br>Il ajoute que Regenagri s'engage \u00e0 faire \u00e9voluer son programme pour r\u00e9pondre aux d\u00e9fis futurs.<\/p>\n\n\n\n<p>\u201c\u00c0 mesure que l'initiative Regenagri prend de l'ampleur, nous ne cessons d'apprendre, qu'il s'agisse de comprendre les besoins des exploitations agricoles et des cha\u00eenes d'approvisionnement ou de mettre au point des technologies et des syst\u00e8mes qui garantissent l'int\u00e9grit\u00e9 et l'\u00e9volutivit\u00e9 du programme.<\/p>\n\n\n\n<p>\u201cJe suis tr\u00e8s enthousiaste \u00e0 l'id\u00e9e de voir tout ce que nous pourrons accomplir dans les ann\u00e9es \u00e0 venir. Nous avons des objectifs ambitieux pour continuer \u00e0 avancer \u00e0 un rythme soutenu vers notre vision d'un monde dans lequel l'agriculture r\u00e9g\u00e9n\u00e9ratrice est la norme.\u201d<\/p>\n\n\n\n<div class=\"wp-block-buttons is-layout-flex wp-block-buttons-is-layout-flex\">\n<div class=\"wp-block-button\"><a class=\"wp-block-button__link wp-element-button\" href=\"https:\/\/regenagri.org\/wp-content\/uploads\/2024\/06\/Regenagri-impact-report-2023v2.pdf\">T\u00e9l\u00e9charger le rapport<\/a><\/div>\n<\/div>","protected":false},"excerpt":{"rendered":"<p>In a year marked by escalating climate emergencies and global calls for sustainable solutions, [\u2026]<\/p>\n","protected":false},"author":1,"featured_media":5972,"comment_status":"closed","ping_status":"closed","sticky":false,"template":"","format":"standard","meta":{"_acf_changed":false,"footnotes":""},"categories":[6,9],"tags":[],"class_list":["post-5970","post","type-post","status-publish","format-standard","has-post-thumbnail","hentry","category-press-release","category-report"],"acf":[],"yoast_head":"<!-- This site is optimized with the Yoast SEO plugin v27.4 - https:\/\/yoast.com\/product\/yoast-seo-wordpress\/ -->\n<title>Report highlights exceptional growth in regenerative agriculture &#8212; regenagri<\/title>\n<meta name=\"robots\" content=\"index, follow, max-snippet:-1, max-image-preview:large, max-video-preview:-1\" \/>\n<link rel=\"canonical\" href=\"https:\/\/regenagri.org\/fr\/mises-a-jour\/le-rapport-met-en-evidence-la-croissance-exceptionnelle-de-lagriculture-regeneratrice\/\" \/>\n<meta property=\"og:locale\" content=\"fr_FR\" \/>\n<meta property=\"og:type\" content=\"article\" \/>\n<meta property=\"og:title\" content=\"Report highlights exceptional growth in regenerative agriculture &#8212; regenagri\" \/>\n<meta property=\"og:description\" content=\"In a year marked by escalating climate emergencies and global calls for sustainable solutions, [\u2026]\" \/>\n<meta property=\"og:url\" content=\"https:\/\/regenagri.org\/fr\/mises-a-jour\/le-rapport-met-en-evidence-la-croissance-exceptionnelle-de-lagriculture-regeneratrice\/\" \/>\n<meta property=\"og:site_name\" content=\"regenagri\" \/>\n<meta property=\"article:published_time\" content=\"2024-06-24T10:28:59+00:00\" \/>\n<meta property=\"article:modified_time\" content=\"2024-06-28T11:24:40+00:00\" \/>\n<meta property=\"og:image\" content=\"https:\/\/regenagri.org\/wp-content\/uploads\/2024\/06\/image001.jpg\" \/>\n\t<meta property=\"og:image:width\" content=\"1920\" \/>\n\t<meta property=\"og:image:height\" content=\"1281\" \/>\n\t<meta property=\"og:image:type\" content=\"image\/jpeg\" \/>\n<meta name=\"author\" content=\"Stuart\" \/>\n<meta name=\"twitter:card\" content=\"summary_large_image\" \/>\n<script type=\"application\/ld+json\" class=\"yoast-schema-graph\">{\"@context\":\"https:\\\/\\\/schema.org\",\"@graph\":[{\"@type\":\"Article\",\"@id\":\"https:\\\/\\\/regenagri.org\\\/updates\\\/report-highlights-exceptional-growth-in-regenerative-agriculture\\\/#article\",\"isPartOf\":{\"@id\":\"https:\\\/\\\/regenagri.org\\\/updates\\\/report-highlights-exceptional-growth-in-regenerative-agriculture\\\/\"},\"author\":{\"name\":\"Stuart\",\"@id\":\"https:\\\/\\\/regenagri.org\\\/#\\\/schema\\\/person\\\/eb70f24f9ec7c87030d4b90d74d3bbb6\"},\"headline\":\"Report highlights exceptional growth in regenerative agriculture\",\"datePublished\":\"2024-06-24T10:28:59+00:00\",\"dateModified\":\"2024-06-28T11:24:40+00:00\",\"mainEntityOfPage\":{\"@id\":\"https:\\\/\\\/regenagri.org\\\/updates\\\/report-highlights-exceptional-growth-in-regenerative-agriculture\\\/\"},\"wordCount\":412,\"publisher\":{\"@id\":\"https:\\\/\\\/regenagri.org\\\/#organization\"},\"image\":{\"@id\":\"https:\\\/\\\/regenagri.org\\\/updates\\\/report-highlights-exceptional-growth-in-regenerative-agriculture\\\/#primaryimage\"},\"thumbnailUrl\":\"https:\\\/\\\/regenagri.org\\\/wp-content\\\/uploads\\\/2024\\\/06\\\/image001.jpg\",\"articleSection\":[\"Press release\",\"Report\"],\"inLanguage\":\"fr-FR\"},{\"@type\":\"WebPage\",\"@id\":\"https:\\\/\\\/regenagri.org\\\/updates\\\/report-highlights-exceptional-growth-in-regenerative-agriculture\\\/\",\"url\":\"https:\\\/\\\/regenagri.org\\\/updates\\\/report-highlights-exceptional-growth-in-regenerative-agriculture\\\/\",\"name\":\"Report highlights exceptional growth in regenerative agriculture &#8212; regenagri\",\"isPartOf\":{\"@id\":\"https:\\\/\\\/regenagri.org\\\/#website\"},\"primaryImageOfPage\":{\"@id\":\"https:\\\/\\\/regenagri.org\\\/updates\\\/report-highlights-exceptional-growth-in-regenerative-agriculture\\\/#primaryimage\"},\"image\":{\"@id\":\"https:\\\/\\\/regenagri.org\\\/updates\\\/report-highlights-exceptional-growth-in-regenerative-agriculture\\\/#primaryimage\"},\"thumbnailUrl\":\"https:\\\/\\\/regenagri.org\\\/wp-content\\\/uploads\\\/2024\\\/06\\\/image001.jpg\",\"datePublished\":\"2024-06-24T10:28:59+00:00\",\"dateModified\":\"2024-06-28T11:24:40+00:00\",\"breadcrumb\":{\"@id\":\"https:\\\/\\\/regenagri.org\\\/updates\\\/report-highlights-exceptional-growth-in-regenerative-agriculture\\\/#breadcrumb\"},\"inLanguage\":\"fr-FR\",\"potentialAction\":[{\"@type\":\"ReadAction\",\"target\":[\"https:\\\/\\\/regenagri.org\\\/updates\\\/report-highlights-exceptional-growth-in-regenerative-agriculture\\\/\"]}]},{\"@type\":\"ImageObject\",\"inLanguage\":\"fr-FR\",\"@id\":\"https:\\\/\\\/regenagri.org\\\/updates\\\/report-highlights-exceptional-growth-in-regenerative-agriculture\\\/#primaryimage\",\"url\":\"https:\\\/\\\/regenagri.org\\\/wp-content\\\/uploads\\\/2024\\\/06\\\/image001.jpg\",\"contentUrl\":\"https:\\\/\\\/regenagri.org\\\/wp-content\\\/uploads\\\/2024\\\/06\\\/image001.jpg\",\"width\":1920,\"height\":1281},{\"@type\":\"BreadcrumbList\",\"@id\":\"https:\\\/\\\/regenagri.org\\\/updates\\\/report-highlights-exceptional-growth-in-regenerative-agriculture\\\/#breadcrumb\",\"itemListElement\":[{\"@type\":\"ListItem\",\"position\":1,\"name\":\"Home\",\"item\":\"https:\\\/\\\/regenagri.org\\\/\"},{\"@type\":\"ListItem\",\"position\":2,\"name\":\"Report highlights exceptional growth in regenerative agriculture\"}]},{\"@type\":\"WebSite\",\"@id\":\"https:\\\/\\\/regenagri.org\\\/#website\",\"url\":\"https:\\\/\\\/regenagri.org\\\/\",\"name\":\"regenagri\",\"description\":\"\",\"publisher\":{\"@id\":\"https:\\\/\\\/regenagri.org\\\/#organization\"},\"potentialAction\":[{\"@type\":\"SearchAction\",\"target\":{\"@type\":\"EntryPoint\",\"urlTemplate\":\"https:\\\/\\\/regenagri.org\\\/?s={search_term_string}\"},\"query-input\":{\"@type\":\"PropertyValueSpecification\",\"valueRequired\":true,\"valueName\":\"search_term_string\"}}],\"inLanguage\":\"fr-FR\"},{\"@type\":\"Organization\",\"@id\":\"https:\\\/\\\/regenagri.org\\\/#organization\",\"name\":\"regenagri\",\"url\":\"https:\\\/\\\/regenagri.org\\\/\",\"logo\":{\"@type\":\"ImageObject\",\"inLanguage\":\"fr-FR\",\"@id\":\"https:\\\/\\\/regenagri.org\\\/#\\\/schema\\\/logo\\\/image\\\/\",\"url\":\"https:\\\/\\\/regenagri.org\\\/wp-content\\\/uploads\\\/2021\\\/05\\\/regenagri.png\",\"contentUrl\":\"https:\\\/\\\/regenagri.org\\\/wp-content\\\/uploads\\\/2021\\\/05\\\/regenagri.png\",\"width\":1200,\"height\":452,\"caption\":\"regenagri\"},\"image\":{\"@id\":\"https:\\\/\\\/regenagri.org\\\/#\\\/schema\\\/logo\\\/image\\\/\"}},{\"@type\":\"Person\",\"@id\":\"https:\\\/\\\/regenagri.org\\\/#\\\/schema\\\/person\\\/eb70f24f9ec7c87030d4b90d74d3bbb6\",\"name\":\"Stuart\",\"image\":{\"@type\":\"ImageObject\",\"inLanguage\":\"fr-FR\",\"@id\":\"https:\\\/\\\/secure.gravatar.com\\\/avatar\\\/3d1665dd81f9a99153df0ba51c13b5710c7b438781fbe3da4d19cde0a59b8a27?s=96&d=mm&r=g\",\"url\":\"https:\\\/\\\/secure.gravatar.com\\\/avatar\\\/3d1665dd81f9a99153df0ba51c13b5710c7b438781fbe3da4d19cde0a59b8a27?s=96&d=mm&r=g\",\"contentUrl\":\"https:\\\/\\\/secure.gravatar.com\\\/avatar\\\/3d1665dd81f9a99153df0ba51c13b5710c7b438781fbe3da4d19cde0a59b8a27?s=96&d=mm&r=g\",\"caption\":\"Stuart\"},\"sameAs\":[\"https:\\\/\\\/lambon.co.uk\"]}]}<\/script>\n<!-- \/ Yoast SEO plugin. -->","yoast_head_json":{"title":"Un rapport met en \u00e9vidence la croissance exceptionnelle de l'agriculture r\u00e9g\u00e9n\u00e9ratrice - regenagri","robots":{"index":"index","follow":"follow","max-snippet":"max-snippet:-1","max-image-preview":"max-image-preview:large","max-video-preview":"max-video-preview:-1"},"canonical":"https:\/\/regenagri.org\/fr\/mises-a-jour\/le-rapport-met-en-evidence-la-croissance-exceptionnelle-de-lagriculture-regeneratrice\/","og_locale":"fr_FR","og_type":"article","og_title":"Report highlights exceptional growth in regenerative agriculture &#8212; regenagri","og_description":"In a year marked by escalating climate emergencies and global calls for sustainable solutions, [\u2026]","og_url":"https:\/\/regenagri.org\/fr\/mises-a-jour\/le-rapport-met-en-evidence-la-croissance-exceptionnelle-de-lagriculture-regeneratrice\/","og_site_name":"regenagri","article_published_time":"2024-06-24T10:28:59+00:00","article_modified_time":"2024-06-28T11:24:40+00:00","og_image":[{"width":1920,"height":1281,"url":"https:\/\/regenagri.org\/wp-content\/uploads\/2024\/06\/image001.jpg","type":"image\/jpeg"}],"author":"Stuart","twitter_card":"summary_large_image","schema":{"@context":"https:\/\/schema.org","@graph":[{"@type":"Article","@id":"https:\/\/regenagri.org\/updates\/report-highlights-exceptional-growth-in-regenerative-agriculture\/#article","isPartOf":{"@id":"https:\/\/regenagri.org\/updates\/report-highlights-exceptional-growth-in-regenerative-agriculture\/"},"author":{"name":"Stuart","@id":"https:\/\/regenagri.org\/#\/schema\/person\/eb70f24f9ec7c87030d4b90d74d3bbb6"},"headline":"Report highlights exceptional growth in regenerative agriculture","datePublished":"2024-06-24T10:28:59+00:00","dateModified":"2024-06-28T11:24:40+00:00","mainEntityOfPage":{"@id":"https:\/\/regenagri.org\/updates\/report-highlights-exceptional-growth-in-regenerative-agriculture\/"},"wordCount":412,"publisher":{"@id":"https:\/\/regenagri.org\/#organization"},"image":{"@id":"https:\/\/regenagri.org\/updates\/report-highlights-exceptional-growth-in-regenerative-agriculture\/#primaryimage"},"thumbnailUrl":"https:\/\/regenagri.org\/wp-content\/uploads\/2024\/06\/image001.jpg","articleSection":["Press release","Report"],"inLanguage":"fr-FR"},{"@type":"WebPage","@id":"https:\/\/regenagri.org\/updates\/report-highlights-exceptional-growth-in-regenerative-agriculture\/","url":"https:\/\/regenagri.org\/updates\/report-highlights-exceptional-growth-in-regenerative-agriculture\/","name":"Un rapport met en \u00e9vidence la croissance exceptionnelle de l'agriculture r\u00e9g\u00e9n\u00e9ratrice - regenagri","isPartOf":{"@id":"https:\/\/regenagri.org\/#website"},"primaryImageOfPage":{"@id":"https:\/\/regenagri.org\/updates\/report-highlights-exceptional-growth-in-regenerative-agriculture\/#primaryimage"},"image":{"@id":"https:\/\/regenagri.org\/updates\/report-highlights-exceptional-growth-in-regenerative-agriculture\/#primaryimage"},"thumbnailUrl":"https:\/\/regenagri.org\/wp-content\/uploads\/2024\/06\/image001.jpg","datePublished":"2024-06-24T10:28:59+00:00","dateModified":"2024-06-28T11:24:40+00:00","breadcrumb":{"@id":"https:\/\/regenagri.org\/updates\/report-highlights-exceptional-growth-in-regenerative-agriculture\/#breadcrumb"},"inLanguage":"fr-FR","potentialAction":[{"@type":"ReadAction","target":["https:\/\/regenagri.org\/updates\/report-highlights-exceptional-growth-in-regenerative-agriculture\/"]}]},{"@type":"ImageObject","inLanguage":"fr-FR","@id":"https:\/\/regenagri.org\/updates\/report-highlights-exceptional-growth-in-regenerative-agriculture\/#primaryimage","url":"https:\/\/regenagri.org\/wp-content\/uploads\/2024\/06\/image001.jpg","contentUrl":"https:\/\/regenagri.org\/wp-content\/uploads\/2024\/06\/image001.jpg","width":1920,"height":1281},{"@type":"BreadcrumbList","@id":"https:\/\/regenagri.org\/updates\/report-highlights-exceptional-growth-in-regenerative-agriculture\/#breadcrumb","itemListElement":[{"@type":"ListItem","position":1,"name":"Home","item":"https:\/\/regenagri.org\/"},{"@type":"ListItem","position":2,"name":"Report highlights exceptional growth in regenerative agriculture"}]},{"@type":"WebSite","@id":"https:\/\/regenagri.org\/#website","url":"https:\/\/regenagri.org\/","name":"regenagri","description":"","publisher":{"@id":"https:\/\/regenagri.org\/#organization"},"potentialAction":[{"@type":"SearchAction","target":{"@type":"EntryPoint","urlTemplate":"https:\/\/regenagri.org\/?s={search_term_string}"},"query-input":{"@type":"PropertyValueSpecification","valueRequired":true,"valueName":"search_term_string"}}],"inLanguage":"fr-FR"},{"@type":"Organization","@id":"https:\/\/regenagri.org\/#organization","name":"regenagri","url":"https:\/\/regenagri.org\/","logo":{"@type":"ImageObject","inLanguage":"fr-FR","@id":"https:\/\/regenagri.org\/#\/schema\/logo\/image\/","url":"https:\/\/regenagri.org\/wp-content\/uploads\/2021\/05\/regenagri.png","contentUrl":"https:\/\/regenagri.org\/wp-content\/uploads\/2021\/05\/regenagri.png","width":1200,"height":452,"caption":"regenagri"},"image":{"@id":"https:\/\/regenagri.org\/#\/schema\/logo\/image\/"}},{"@type":"Person","@id":"https:\/\/regenagri.org\/#\/schema\/person\/eb70f24f9ec7c87030d4b90d74d3bbb6","name":"Stuart","image":{"@type":"ImageObject","inLanguage":"fr-FR","@id":"https:\/\/secure.gravatar.com\/avatar\/3d1665dd81f9a99153df0ba51c13b5710c7b438781fbe3da4d19cde0a59b8a27?s=96&d=mm&r=g","url":"https:\/\/secure.gravatar.com\/avatar\/3d1665dd81f9a99153df0ba51c13b5710c7b438781fbe3da4d19cde0a59b8a27?s=96&d=mm&r=g","contentUrl":"https:\/\/secure.gravatar.com\/avatar\/3d1665dd81f9a99153df0ba51c13b5710c7b438781fbe3da4d19cde0a59b8a27?s=96&d=mm&r=g","caption":"Stuart"},"sameAs":["https:\/\/lambon.co.uk"]}]}},"_links":{"self":[{"href":"https:\/\/regenagri.org\/fr\/wp-json\/wp\/v2\/posts\/5970","targetHints":{"allow":["GET"]}}],"collection":[{"href":"https:\/\/regenagri.org\/fr\/wp-json\/wp\/v2\/posts"}],"about":[{"href":"https:\/\/regenagri.org\/fr\/wp-json\/wp\/v2\/types\/post"}],"author":[{"embeddable":true,"href":"https:\/\/regenagri.org\/fr\/wp-json\/wp\/v2\/users\/1"}],"replies":[{"embeddable":true,"href":"https:\/\/regenagri.org\/fr\/wp-json\/wp\/v2\/comments?post=5970"}],"version-history":[{"count":8,"href":"https:\/\/regenagri.org\/fr\/wp-json\/wp\/v2\/posts\/5970\/revisions"}],"predecessor-version":[{"id":6017,"href":"https:\/\/regenagri.org\/fr\/wp-json\/wp\/v2\/posts\/5970\/revisions\/6017"}],"wp:featuredmedia":[{"embeddable":true,"href":"https:\/\/regenagri.org\/fr\/wp-json\/wp\/v2\/media\/5972"}],"wp:attachment":[{"href":"https:\/\/regenagri.org\/fr\/wp-json\/wp\/v2\/media?parent=5970"}],"wp:term":[{"taxonomy":"category","embeddable":true,"href":"https:\/\/regenagri.org\/fr\/wp-json\/wp\/v2\/categories?post=5970"},{"taxonomy":"post_tag","embeddable":true,"href":"https:\/\/regenagri.org\/fr\/wp-json\/wp\/v2\/tags?post=5970"}],"curies":[{"name":"wp","href":"https:\/\/api.w.org\/{rel}","templated":true}]}}